[{"@context":"https:\/\/schema.org\/","@type":"Article","@id":"https:\/\/www.sasi.sk\/zakladna-skola\/#Article","mainEntityOfPage":"https:\/\/www.sasi.sk\/zakladna-skola\/","headline":"Z\u00e1kladn\u00e1 \u0161kola","name":"Z\u00e1kladn\u00e1 \u0161kola","description":"Na z\u00e1kladn\u00fa \u0161kolu sa \u010dlovek mus\u00ed dosta\u0165, aby mal aspo\u0148 v\u0161eobecn\u00e9<a class=\"excerpt-readmore\" href=\"https:\/\/www.sasi.sk\/zakladna-skola\/\">&hellip;Continue Reading<\/a>","datePublished":"2019-12-20","dateModified":"2023-04-27","author":{"@type":"Person","@id":"https:\/\/www.sasi.sk\/author\/#Person","name":"","url":"https:\/\/www.sasi.sk\/author\/","identifier":1,"image":{"@type":"ImageObject","@id":"https:\/\/secure.gravatar.com\/avatar\/60cfa630c84b6c399b95e807e4bc5b6bfe4f26a47dceacbf179d7148760edc6a?s=96&d=mm&r=g","url":"https:\/\/secure.gravatar.com\/avatar\/60cfa630c84b6c399b95e807e4bc5b6bfe4f26a47dceacbf179d7148760edc6a?s=96&d=mm&r=g","height":96,"width":96}},"publisher":{"@type":"Organization","name":"sasi.sk","logo":{"@type":"ImageObject","@id":"\/logo.png","url":"\/logo.png","width":600,"height":60}},"image":{"@type":"ImageObject","@id":"https:\/\/www.sasi.sk\/wp-content\/uploads\/img_a309059_w16672_t1577626861.jpg","url":"https:\/\/www.sasi.sk\/wp-content\/uploads\/img_a309059_w16672_t1577626861.jpg","height":0,"width":0},"url":"https:\/\/www.sasi.sk\/zakladna-skola\/","about":["Vzdelanie"],"wordCount":420,"articleBody":"Na z\u00e1kladn\u00fa \u0161kolu sa \u010dlovek mus\u00ed dosta\u0165, aby mal aspo\u0148 v\u0161eobecn\u00e9 z\u00e1kladn\u00e9 vzdelanie. Z tejto \u0161koly si odn\u00e1\u0161ame \u010do-to do \u017eivota. Nie je to jednoduch\u00e9, ale zvl\u00e1dnu\u0165 by ju mal ka\u017ed\u00fd.Viete o tom, \u017ee ke\u010f m\u00e1te na z\u00e1kladnej \u0161kole jednotky, tak v\u00e1m to v\u00f4bec ni\u010d nezaru\u010d\u00ed?Ve\u010f \u010do by aj malo. Bude to iba o tom, \u017ee sa viete nie\u010do dobre nau\u010di\u0165. Alebo ste dobre po\u010d\u00favali na hodine. Alebo ste super akt\u00edvny. No, nehovor\u00ed to ni\u010d o va\u0161om uplatnen\u00ed v re\u00e1lnom \u017eivote. Tam bude v\u0161etko \u00faplne in\u00e9 ako na z\u00e1kladnej \u0161kole. Ka\u017ed\u00fd m\u00e1 ur\u010dit\u00e9 predstavy, ak\u00e9 to tam bude, ale nikdy to presne neodhadneme. Tie\u017e som si myslela, \u017ee po vysokej si v pohode n\u00e1jdem pr\u00e1cu vo svojom odbore a ak aj nie, tak si n\u00e1jdem pr\u00e1cu v inom odbore a popri tom si budem h\u013eada\u0165 pr\u00e1cu vo svojom odbore. No, realita je in\u00e1. Dnes som u\u017e pol roka na \u00farade pr\u00e1ce a nejako sa mi do pr\u00e1ce u\u017e ani nechce. Proste, nikdy mi to nevyhovuje. Lebo nebudem st\u00edha\u0165 \u0161kolu, ktor\u00fa e\u0161te \u0161tudujem externe alebo nebudem st\u00edha\u0165 chodi\u0165 prer\u00e1ba\u0165 byt, pl\u00e1nova\u0165 svadbu. Samozrejme, \u017ee v\u0161etko by som to stihla, ale \u010dlovek, ke\u010f je doma, tak zlenivie a u\u017e sa nevie dokopa\u0165 ani do t\u00fdch \u010dinnost\u00ed, ktor\u00e9 mus\u00ed urobi\u0165, aby \u017eil v pohode. Ale vr\u00e1\u0165me sa nasp\u00e4\u0165 k na\u0161ej alma mater &#8211; z\u00e1kladnej \u0161kole. D\u00e1 n\u00e1m naozaj z\u00e1klady? Nie s\u00fa to len zbyto\u010dn\u00e9 om\u00e1\u010dky, \u010do sa u\u010d\u00edme na z\u00e1kladn\u00fdch \u0161kol\u00e1ch? \u010do si v\u0161etko pam\u00e4t\u00e1te zo z\u00e1kladnej \u0161koly? Viete o tom, \u017ee ke\u010f sa to budete u\u010di\u0165 so svojimi de\u0165mi, tak si to nebudete pam\u00e4ta\u0165?A budete si myslie\u0165, \u017ee toto ste sa vy ur\u010dite neu\u010dili. Ten, \u010do m\u00e1 viac det\u00ed, tak u\u017e to sn\u00e1\u010f aj bude vedie\u0165 naspam\u00e4\u0165. Ten, \u010do m\u00e1 iba jedno, tak asi ani ve\u013emi nie. V dospelosti v\u00e1s to b\u00e1danie po zauj\u00edmavostiach a vedomostiach aj ove\u013ea viac bav\u00ed ako v detstve. Aspo\u0148 ja som k nie\u010domu tak\u00e9mu dospela. Samozrejme, \u017ee aj deti bav\u00ed objavova\u0165 svet, \u010do ako funguje, ale \u0161kola to pomaly, ale isto zab\u00edja. Preto\u017ee sa musia u\u010di\u0165 aj to, \u010do ich nezauj\u00edma a s\u00fa k tomu n\u00faten\u00ed.                                                                                                                                                                                                                                                                                                                                                                                        3.7\/5 - (4 votes)        "},{"@context":"https:\/\/schema.org\/","@type":"BreadcrumbList","itemListElement":[{"@type":"ListItem","position":1,"name":"Z\u00e1kladn\u00e1 \u0161kola","item":"https:\/\/www.sasi.sk\/zakladna-skola\/#breadcrumbitem"}]}]