[{"@context":"https:\/\/schema.org\/","@type":"Article","@id":"https:\/\/www.sasi.sk\/parizsky-autosalon-oslavuje-120-vyrocie\/#Article","mainEntityOfPage":"https:\/\/www.sasi.sk\/parizsky-autosalon-oslavuje-120-vyrocie\/","headline":"Par\u00ed\u017esky autosal\u00f3n oslavuje 120. v\u00fdro\u010die!","name":"Par\u00ed\u017esky autosal\u00f3n oslavuje 120. v\u00fdro\u010die!","description":"Ka\u017ed\u00e9 dva roky sa par\u00ed\u017esky autosal\u00f3n kon\u00e1 na v\u00fdstavisku Expo Porte<a class=\"excerpt-readmore\" href=\"https:\/\/www.sasi.sk\/parizsky-autosalon-oslavuje-120-vyrocie\/\">&hellip;Continue Reading<\/a>","datePublished":"2019-01-20","dateModified":"2023-04-27","author":{"@type":"Person","@id":"https:\/\/www.sasi.sk\/author\/#Person","name":"","url":"https:\/\/www.sasi.sk\/author\/","identifier":1,"image":{"@type":"ImageObject","@id":"https:\/\/secure.gravatar.com\/avatar\/60cfa630c84b6c399b95e807e4bc5b6bfe4f26a47dceacbf179d7148760edc6a?s=96&d=mm&r=g","url":"https:\/\/secure.gravatar.com\/avatar\/60cfa630c84b6c399b95e807e4bc5b6bfe4f26a47dceacbf179d7148760edc6a?s=96&d=mm&r=g","height":96,"width":96}},"publisher":{"@type":"Organization","name":"sasi.sk","logo":{"@type":"ImageObject","@id":"\/logo.png","url":"\/logo.png","width":600,"height":60}},"image":{"@type":"ImageObject","@id":"https:\/\/www.sasi.sk\/wp-content\/uploads\/img_a296060_w16676_t1548347737.jpg","url":"https:\/\/www.sasi.sk\/wp-content\/uploads\/img_a296060_w16676_t1548347737.jpg","height":0,"width":0},"url":"https:\/\/www.sasi.sk\/parizsky-autosalon-oslavuje-120-vyrocie\/","wordCount":376,"articleBody":"Ka\u017ed\u00e9 dva roky sa par\u00ed\u017esky autosal\u00f3n kon\u00e1 na v\u00fdstavisku Expo Porte de Versailles, minul\u00fd rok to bolo od 4. do 14. okt\u00f3bra. P\u00e1r dn\u00ed pred samotn\u00fdm otvoren\u00edm v\u00fdstavy s\u00fa dva dni vyhraden\u00e9 pre novin\u00e1rov a vystavovate\u013eov. Autosal\u00f3n v Par\u00ed\u017ei pretek\u00e1rska dr\u00e1ha patr\u00ed k najnav\u0161tevovanej\u0161\u00edm akci\u00e1m vo svete automobilizmu, a tak sa aj vlani o\u010dak\u00e1vala vysok\u00e1 n\u00e1v\u0161tevnos\u0165, mo\u017eno aj prekonanie roka 2016, kedy sa na novinky najzn\u00e1mej\u0161\u00edch v\u00fdrobcov automobilov pri\u0161lo pozrie\u0165 viac ako 1,5 mili\u00f3na n\u00e1v\u0161tevn\u00edkov. Minul\u00fd rok to bolo v\u00fdnimo\u010dn\u00e9 hlavne kv\u00f4li d\u00e1tumu, preto\u017ee v Par\u00ed\u017ei oslavovali okr\u00fahle narodeniny.\u00dactyhodn\u00e9 jubileum T\u00e1to automobilov\u00e1 show sa v Par\u00ed\u017ei kon\u00e1 ka\u017ed\u00e9 dva roky, no rok 2018 patril k jubilejn\u00fdm, preto\u017ee autosal\u00f3n osl\u00e1vil u\u017e svoje 120. narodeniny. Patr\u00ed mu prvenstvo \u010do sa t\u00fdka konania takejto formy v\u00fdstavy, preto\u017ee prv\u00fdkr\u00e1t sa br\u00e1ny v\u00fdstaviska otvorili u\u017e v roku 1898, no v priebehu prvej a druhej svetovej vojny boli sal\u00f3ny zru\u0161en\u00e9 a op\u00e4\u0165 ich obnovili v okt\u00f3bri v roku 1946. \u010eal\u0161ou ranou bolo op\u00e4tovn\u00e9 zru\u0161enie v\u00fdstavy v roku 1977, pod ktor\u00fa sa podp\u00edsala zl\u00e1 ekonomick\u00e1 situ\u00e1cia, no od jej vzniku v roku 1898 bola preru\u0161en\u00e1 u\u017e viackr\u00e1t. Ale od roku 1976 sa u\u017e kon\u00e1 pravidelne ka\u017ed\u00e9 dva roky a strieda sa tak s podobne zn\u00e1mym autosal\u00f3nom vo Frankfurte.BMW, Mercedes, \u010di LEXUS predstavili novinky Fan\u00fa\u0161ikovia pekn\u00fdch \u00e1ut sa mali na \u010do te\u0161i\u0165, prehliadka priniesla mnoho zauj\u00edmav\u00fdch noviniek. V\u00fdstavy sa z\u00fa\u010dastnilo sa mnoho akreditovan\u00fdch novin\u00e1rov, ich po\u010det dosiahol nie\u010do vy\u0161e 10 000 zo 100 kraj\u00edn sveta. Svoje najnov\u0161ie n\u00e1vrhy predstavilo 245 zna\u010diek automobilov z 19 kraj\u00edn sveta, noviniek sa objavilo 140 a nech\u00fdbalo ani auton\u00f3mne vozidlo, ktor\u00e9 si mohli vysk\u00fa\u0161a\u0165 aj n\u00e1v\u0161tevn\u00edci. Tento autosal\u00f3n sa stal skuto\u010dnou celosvetovou udalos\u0165ou, na ktorej u\u017e pravidelne vystavuj\u00fa okrem dom\u00e1cich v\u00fdrobcov aj zna\u010dky svetov\u00e9ho mena ako Volvo, Fiat, Nissan, BMW, Mercedes, Lexus \u010di Audi alebo Toyota.                                                                                                                                                                                                                                                                                                                                                                                        3.6\/5 - (7 votes)        "},{"@context":"https:\/\/schema.org\/","@type":"BreadcrumbList","itemListElement":[{"@type":"ListItem","position":1,"name":"Par\u00ed\u017esky autosal\u00f3n oslavuje 120. v\u00fdro\u010die!","item":"https:\/\/www.sasi.sk\/parizsky-autosalon-oslavuje-120-vyrocie\/#breadcrumbitem"}]}]