[{"@context":"https:\/\/schema.org\/","@type":"Article","@id":"https:\/\/www.sasi.sk\/modernu-dobu-treba-poriadne-vyuzit\/#Article","mainEntityOfPage":"https:\/\/www.sasi.sk\/modernu-dobu-treba-poriadne-vyuzit\/","headline":"Modern\u00fa dobu treba poriadne vyu\u017ei\u0165","name":"Modern\u00fa dobu treba poriadne vyu\u017ei\u0165","description":"Ak\u00e9 to dnes maj\u00fa \u0161tudenti v\u00a0\u0161kol\u00e1ch \u013eahk\u00e9! Kedysi sa \u0161tudovalo v\u00a0kni\u017eniciach<a class=\"excerpt-readmore\" href=\"https:\/\/www.sasi.sk\/modernu-dobu-treba-poriadne-vyuzit\/\">&hellip;Continue Reading<\/a>","datePublished":"2023-01-12","dateModified":"2024-01-16","author":{"@type":"Person","@id":"https:\/\/www.sasi.sk\/author\/#Person","name":"","url":"https:\/\/www.sasi.sk\/author\/","identifier":1,"image":{"@type":"ImageObject","@id":"https:\/\/secure.gravatar.com\/avatar\/60cfa630c84b6c399b95e807e4bc5b6bfe4f26a47dceacbf179d7148760edc6a?s=96&d=mm&r=g","url":"https:\/\/secure.gravatar.com\/avatar\/60cfa630c84b6c399b95e807e4bc5b6bfe4f26a47dceacbf179d7148760edc6a?s=96&d=mm&r=g","height":96,"width":96}},"publisher":{"@type":"Organization","name":"sasi.sk","logo":{"@type":"ImageObject","@id":"\/logo.png","url":"\/logo.png","width":600,"height":60}},"url":"https:\/\/www.sasi.sk\/modernu-dobu-treba-poriadne-vyuzit\/","wordCount":218,"articleBody":"Ak\u00e9 to dnes maj\u00fa \u0161tudenti v\u00a0\u0161kol\u00e1ch \u013eahk\u00e9! Kedysi sa \u0161tudovalo v\u00a0kni\u017eniciach a\u00a0z\u00edskaniu ka\u017edej knihy predch\u00e1dzali hodiny h\u013eadania v\u00a0kni\u017eniciach. Dnes je tu Google, digit\u00e1lne verzie, \u010dasto aj vo\u013ene, hoci neleg\u00e1lne dostupn\u00e9 na internete. So znalos\u0165ou jazykov, najm\u00e4 angli\u010dtiny, sa dostanete k\u00a0nevy\u010d\u00edslite\u013en\u00e9mu po\u010dtu zdrojov. Toto kedysi nebolo. Svet je dnes r\u00fdchlej\u0161\u00ed, v\u010faka internetu sa u\u010d\u00ed a\u00a0p\u00ed\u0161e do \u0161koly \u013eah\u0161ie. Napriek tomu s\u00fa ro\u010dne stovky, mo\u017eno aj tis\u00edcky \u0161tudentov, ktor\u00ed nezvl\u00e1daj\u00fa p\u00edsa\u0165 svoju bakal\u00e1rsku pr\u00e1cu sami. Pom\u00e1haj\u00fa si, kde sa d\u00e1. Najistej\u0161ie to maj\u00fa pri vyu\u017eit\u00ed tretej strany a\u00a0ochotn\u00fdch profesion\u00e1lov, ktor\u00ed si s\u00a0akouko\u013evek t\u00e9mou poriadia r\u00fdchlej\u0161ie a\u00a0kvalitnej\u0161ie ako s\u00e1m \u0161tudent. Paradoxne, texty od in\u00fdch s\u00fa \u010dasto kvalitnej\u0161ie. Autori toti\u017e poznaj\u00fa z\u00e1sady p\u00edsania tak\u00fdchto textov a\u00a0v\u00a0prep\u00e1jan\u00ed inform\u00e1ci\u00ed maj\u00fa ve\u013ea sk\u00fasenost\u00ed.\tNabud\u00face to bude va\u0161aVypracovanie bakal\u00e1rskej pr\u00e1ce nie je ut\u00f3pia. Aj absol\u00fatne nenadan\u00fd \u0161tudent a\u00a0bez prostriedkov si m\u00f4\u017ee dovoli\u0165 necha\u0165 si ju nap\u00edsa\u0165. Spl\u00e1tkov\u00fd kalend\u00e1r sa d\u00e1 vybavi\u0165 skoro v\u017edy.                                                                                                                                                                                                                                                                                                                                                                                        3.8\/5 - (9 votes)        "},{"@context":"https:\/\/schema.org\/","@type":"BreadcrumbList","itemListElement":[{"@type":"ListItem","position":1,"name":"Modern\u00fa dobu treba poriadne vyu\u017ei\u0165","item":"https:\/\/www.sasi.sk\/modernu-dobu-treba-poriadne-vyuzit\/#breadcrumbitem"}]}]